{"id":61001,"date":"2023-04-04T13:35:56","date_gmt":"2023-04-04T12:35:56","guid":{"rendered":"https:\/\/communes.klima-agence.lu\/general-de\/des-aides-pour-reduire-votre-consommation-energetique-participer-a-la-transition-energetique-et-a-la-protection-du-climat-72\/"},"modified":"2023-04-04T13:35:56","modified_gmt":"2023-04-04T12:35:56","slug":"des-aides-pour-reduire-votre-consommation-energetique-participer-a-la-transition-energetique-et-a-la-protection-du-climat-72","status":"publish","type":"post","link":"https:\/\/communes.klima-agence.lu\/de\/schieren-de\/des-aides-pour-reduire-votre-consommation-energetique-participer-a-la-transition-energetique-et-a-la-protection-du-climat-72\/","title":{"rendered":"Des aides pour r\u00e9duire votre consommation \u00e9nerg\u00e9tique, participer \u00e0 la transition \u00e9nerg\u00e9tique et \u00e0 la protection du climat"},"content":{"rendered":"\n<div class=\"wp-block-media-text alignwide is-stacked-on-mobile is-vertically-aligned-center is-image-fill\" style=\"grid-template-columns:59% auto\"><figure class=\"wp-block-media-text__media\" style=\"background-image:url(https:\/\/communes.klima-agence.lu\/wp-content\/uploads\/2023\/04\/iStock-539472066-1024x683.jpg);background-position:50% 50%\"><img loading=\"lazy\" decoding=\"async\" width=\"1024\" height=\"683\" src=\"https:\/\/communes.klima-agence.lu\/wp-content\/uploads\/2023\/04\/iStock-539472066-1024x683.jpg\" alt=\"\" class=\"wp-image-55770 size-full\" srcset=\"https:\/\/communes.klima-agence.lu\/wp-content\/uploads\/2023\/04\/iStock-539472066-1024x683.jpg 1024w, https:\/\/communes.klima-agence.lu\/wp-content\/uploads\/2023\/04\/iStock-539472066-300x200.jpg 300w, https:\/\/communes.klima-agence.lu\/wp-content\/uploads\/2023\/04\/iStock-539472066-768x512.jpg 768w, https:\/\/communes.klima-agence.lu\/wp-content\/uploads\/2023\/04\/iStock-539472066-1536x1024.jpg 1536w, https:\/\/communes.klima-agence.lu\/wp-content\/uploads\/2023\/04\/iStock-539472066-2048x1365.jpg 2048w\" sizes=\"auto, (max-width: 1024px) 100vw, 1024px\" \/><\/figure><div class=\"wp-block-media-text__content\">\n<h2 class=\"wp-block-heading\"><strong>Klimabonus : aides financi\u00e8res pour entreprendre un mode de vie plus respectueux du climat<\/strong><\/h2>\n\n\n\n<div style=\"height:20px\" aria-hidden=\"true\" class=\"wp-block-spacer\"><\/div>\n\n\n\n<p>Klimabonus est le r\u00e9gime d\u2019aides \u00e9tatiques qui a pour objectif d\u2019encourager la r\u00e9novation \u00e9nerg\u00e9tique et la construction durable de logements, de promouvoir les syst\u00e8mes de chauffage favorisant les \u00e9nergies renouvelables, d\u2019inciter les investissements dans le photovolta\u00efque, de favoriser la mobilit\u00e9 douce, l\u2019achat de v\u00e9hicules \u00e9lectriques et l\u2019installation de bornes de charge, ainsi que la protection de la biodiversit\u00e9 au sein des espaces naturels.<\/p>\n\n\n\n<p><\/p>\n\n\n\n<div class=\"wp-block-buttons is-content-justification-left is-layout-flex wp-container-core-buttons-is-layout-fdcfc74e wp-block-buttons-is-layout-flex\">\n<div class=\"wp-block-button is-style-fill\"><a class=\"wp-block-button__link wp-element-button\" href=\"https:\/\/www.klima-agence.lu\/fr\/klimabonus-aides\" target=\"_blank\" rel=\"noreferrer noopener\">En savoir plus sur Klimabonus<\/a><\/div>\n<\/div>\n<\/div><\/div>\n\n\n\n<div style=\"height:35px\" aria-hidden=\"true\" class=\"wp-block-spacer\"><\/div>\n\n\n\n<h2 class=\"wp-block-heading\"><strong>D\u00e9couvrez toutes les aides dont vous pouvez b\u00e9n\u00e9ficier<\/strong><\/h2>\n\n\n\n<div style=\"height:20px\" aria-hidden=\"true\" class=\"wp-block-spacer\"><\/div>\n\n\n\n<p>Notre commune, vos fournisseurs d\u2019\u00e9nergie ainsi que le fonds nova naturstroum vous soutiennent \u00e9galement pour assurer le financement de vos projets. Pour connaitre les montants des aides dont vous pouvez b\u00e9n\u00e9ficier, rendez-vous sur le simulateur Klima-Agence. En quelques clics vous pourrez identifier votre projet et connaitre l\u2019ensemble des aides disponibles.<\/p>\n\n\n\n<div class=\"wp-block-buttons is-layout-flex wp-block-buttons-is-layout-flex\">\n<div class=\"wp-block-button\"><a class=\"wp-block-button__link wp-element-button\" href=\"https:\/\/aides.klima-agence.lu\/?lau=609\" target=\"_blank\" rel=\"noreferrer noopener\">Vers le simulateur des aides<\/a><\/div>\n<\/div>\n\n\n\n<div style=\"height:35px\" aria-hidden=\"true\" class=\"wp-block-spacer\"><\/div>\n\n\n\n<h2 class=\"wp-block-heading\"><strong>Aides compl\u00e9mentaires de notre commune<\/strong><\/h2>\n\n\n\n<div style=\"height:20px\" aria-hidden=\"true\" class=\"wp-block-spacer\"><\/div>\n\n\n\n<h3 class=\"wp-block-heading\"><strong>Appareils \u00e9lectrom\u00e9nagers<\/strong><\/h3>\n\n\n\n<p>Pour savoir si la commune vous propose des aides pour l\u2019achat d\u2019appareils \u00e9lectrom\u00e9nagers moins \u00e9nergivores, consultez le site <a href=\"https:\/\/www.oekotopten.lu\/private\/products\/subsidys\" data-type=\"URL\" data-id=\"https:\/\/www.oekotopten.lu\/private\/products\/subsidys\" target=\"_blank\" rel=\"noreferrer noopener\">oekotopten<\/a><\/p>\n\n\n\n<h3 class=\"wp-block-heading\"><strong><strong>Autres aides communales<\/strong><\/strong><\/h3>\n\n\n\n<p>Retrouvez tous les d\u00e9tails et conditions, ainsi que les formulaires de demande de subvention sur <a href=\"https:\/\/www.schieren.lu\/\" target=\"_blank\" rel=\"noopener\">Schieren.lu<\/a><\/p>\n\n\n\n<div style=\"height:35px\" aria-hidden=\"true\" class=\"wp-block-spacer\"><\/div>\n\n\n\n<h2 class=\"wp-block-heading\"><strong>Le \u00ab Topup social 100 % \u00bb<\/strong><\/h2>\n\n\n\n<div style=\"height:20px\" aria-hidden=\"true\" class=\"wp-block-spacer\"><\/div>\n\n\n\n<p>Les b\u00e9n\u00e9ficiaires des aides Klimabonus pour la r\u00e9novation \u00e9nerg\u00e9tique durable et \u00e0 la valorisation des sources d\u2019\u00e9nergie renouvelables dans le domaine du logement peuvent demander aupr\u00e8s du minist\u00e8re du Logement un compl\u00e9ment d\u2019aides appel\u00e9 \u00abTopup social&nbsp;\u00bb. Celui-ci qui permet, en fonction du revenu du m\u00e9nage, d\u2019augmenter consid\u00e9rablement des aides Klimabonus (jusqu\u2019\u00e0 leur doublement).<br><\/p>\n\n\n\n<div class=\"wp-block-buttons is-content-justification-left is-layout-flex wp-container-core-buttons-is-layout-fdcfc74e wp-block-buttons-is-layout-flex\">\n<div class=\"wp-block-button\"><a class=\"wp-block-button__link wp-element-button\" href=\"https:\/\/www.klima-agence.lu\/fr\/les-aides-pour-mon-projet\/programmes-daides-pour-lhabitat-et-la-mobilite-durable\" target=\"_blank\" rel=\"noreferrer noopener\">En savoir plus sur le Top-up social<\/a><\/div>\n<\/div>\n\n\n\n<div style=\"height:35px\" aria-hidden=\"true\" class=\"wp-block-spacer\"><\/div>\n\n\n\n<h2 class=\"wp-block-heading\"><strong>La subvention d\u2019int\u00e9r\u00eat pour pr\u00eats climatiques et la garantie de l\u2019\u00c9tat<\/strong><\/h2>\n\n\n\n<div style=\"height:20px\" aria-hidden=\"true\" class=\"wp-block-spacer\"><\/div>\n\n\n\n<p>La subvention d\u2019int\u00e9r\u00eat pour pr\u00eats climatiques vous permet de b\u00e9n\u00e9ficier d\u2019un financement attractif et d\u2019augmenter la valeur de votre bien immobilier gr\u00e2ce \u00e0 la r\u00e9novation.<\/p>\n\n\n\n<p>Vous pouvez \u00e9galement profiter d\u2019une garantie de l&#8217;\u00c9tat pour votre pr\u00eat climatique. Elle vous facilite l&#8217;acc\u00e8s \u00e0 un pr\u00eat bancaire et r\u00e9duit le co\u00fbt des garanties exig\u00e9es par l&#8217;\u00e9tablissement de cr\u00e9dit.<\/p>\n\n\n\n<div class=\"wp-block-buttons is-content-justification-left is-layout-flex wp-container-core-buttons-is-layout-fdcfc74e wp-block-buttons-is-layout-flex\">\n<div class=\"wp-block-button\"><a class=\"wp-block-button__link wp-element-button\" href=\"https:\/\/www.klima-agence.lu\/fr\/les-aides-pour-mon-projet\/programmes-daides-pour-lhabitat-et-la-mobilite-durable\" target=\"_blank\" rel=\"noreferrer noopener\">Plus d&#8217;information<\/a><\/div>\n<\/div>\n","protected":false},"excerpt":{"rendered":"<p>D\u00e9couvrez toutes les aides dont vous pouvez b\u00e9n\u00e9ficier Notre commune, vos fournisseurs d\u2019\u00e9nergie ainsi que le fonds nova naturstroum vous soutiennent \u00e9galement pour assurer le financement de vos projets. Pour connaitre les montants des aides dont vous pouvez b\u00e9n\u00e9ficier, rendez-vous sur le simulateur Klima-Agence. En quelques clics vous pourrez identifier votre projet et connaitre l\u2019ensemble [&hellip;]<\/p>\n","protected":false},"author":4,"featured_media":49271,"comment_status":"closed","ping_status":"closed","sticky":false,"template":"","format":"standard","meta":{"_acf_changed":false,"footnotes":""},"categories":[315],"tags":[57],"class_list":["post-61001","post","type-post","status-publish","format-standard","has-post-thumbnail","hentry","category-schieren-de","tag-service-de"],"acf":[],"publishpress_future_action":{"enabled":false,"date":"2026-05-08 03:50:16","action":"change-status","newStatus":"draft","terms":[],"taxonomy":"category","extraData":[]},"publishpress_future_workflow_manual_trigger":{"enabledWorkflows":[]},"_links":{"self":[{"href":"https:\/\/communes.klima-agence.lu\/de\/wp-json\/wp\/v2\/posts\/61001","targetHints":{"allow":["GET"]}}],"collection":[{"href":"https:\/\/communes.klima-agence.lu\/de\/wp-json\/wp\/v2\/posts"}],"about":[{"href":"https:\/\/communes.klima-agence.lu\/de\/wp-json\/wp\/v2\/types\/post"}],"author":[{"embeddable":true,"href":"https:\/\/communes.klima-agence.lu\/de\/wp-json\/wp\/v2\/users\/4"}],"replies":[{"embeddable":true,"href":"https:\/\/communes.klima-agence.lu\/de\/wp-json\/wp\/v2\/comments?post=61001"}],"version-history":[{"count":0,"href":"https:\/\/communes.klima-agence.lu\/de\/wp-json\/wp\/v2\/posts\/61001\/revisions"}],"wp:featuredmedia":[{"embeddable":true,"href":"https:\/\/communes.klima-agence.lu\/de\/wp-json\/wp\/v2\/media\/49271"}],"wp:attachment":[{"href":"https:\/\/communes.klima-agence.lu\/de\/wp-json\/wp\/v2\/media?parent=61001"}],"wp:term":[{"taxonomy":"category","embeddable":true,"href":"https:\/\/communes.klima-agence.lu\/de\/wp-json\/wp\/v2\/categories?post=61001"},{"taxonomy":"post_tag","embeddable":true,"href":"https:\/\/communes.klima-agence.lu\/de\/wp-json\/wp\/v2\/tags?post=61001"}],"curies":[{"name":"wp","href":"https:\/\/api.w.org\/{rel}","templated":true}]}}