{"id":7244,"date":"2022-11-10T07:37:12","date_gmt":"2022-11-10T06:37:12","guid":{"rendered":"https:\/\/communes.klima-agence.lu\/?p=7244"},"modified":"2025-11-11T23:06:35","modified_gmt":"2025-11-11T22:06:35","slug":"strom-aus-photovoltaikanlagen","status":"publish","type":"post","link":"https:\/\/communes.klima-agence.lu\/de\/niederanven-de\/strom-aus-photovoltaikanlagen\/","title":{"rendered":"<strong>Strom aus Photovoltaikanlagen<\/strong>"},"content":{"rendered":"\n<div class=\"wp-block-media-text alignwide is-stacked-on-mobile\"><figure class=\"wp-block-media-text__media\"><img loading=\"lazy\" decoding=\"async\" width=\"1024\" height=\"682\" src=\"https:\/\/communes.klima-agence.lu\/wp-content\/uploads\/2022\/11\/PV-soleil-1-1024x682.jpg\" alt=\"\" class=\"wp-image-7507 size-full\" srcset=\"https:\/\/communes.klima-agence.lu\/wp-content\/uploads\/2022\/11\/PV-soleil-1-1024x682.jpg 1024w, https:\/\/communes.klima-agence.lu\/wp-content\/uploads\/2022\/11\/PV-soleil-1-300x200.jpg 300w, https:\/\/communes.klima-agence.lu\/wp-content\/uploads\/2022\/11\/PV-soleil-1-768x512.jpg 768w, https:\/\/communes.klima-agence.lu\/wp-content\/uploads\/2022\/11\/PV-soleil-1-1536x1023.jpg 1536w, https:\/\/communes.klima-agence.lu\/wp-content\/uploads\/2022\/11\/PV-soleil-1-2048x1364.jpg 2048w\" sizes=\"auto, (max-width: 1024px) 100vw, 1024px\" \/><\/figure><div class=\"wp-block-media-text__content\">\n<p>Sie w\u00fcrden gerne sauberere Energie erzeugen, sind sich aber nicht sicher, ob Solarmodule die richtige L\u00f6sung f\u00fcr Ihr Haus sind? Vereinbaren Sie einen <a href=\"https:\/\/www.klima-agence.lu\/de?kontakt\" target=\"_blank\" rel=\"noreferrer noopener nofollow\">Termin f\u00fcr eine kostenlose Klima-Agence-Beratung<\/a>, bevor Sie mit Ihrem Projekt beginnen!<\/p>\n\n\n\n<p>Ihr Berater hilft Ihnen dabei, zu definieren, ob sich Ihr Zuhause f\u00fcr die Installation von Photovoltaikmodulen eignet. Er erkl\u00e4rt Ihnen die <a href=\"https:\/\/www.klima-agence.lu\/de\/die-vorteile-der-energieerzeugung-aus-photovoltaikanlagen\" target=\"_blank\" rel=\"noreferrer noopener nofollow\">L\u00f6sungen<\/a>, mit denen Sie den erzeugten Strom in das Netz einspeisen oder f\u00fcr Ihren eigenen Verbrauch nutzen k\u00f6nnen. Er informiert Sie auch \u00fcber alle F\u00f6rdermittel und Einspeisetarife, die Ihnen zur Verf\u00fcgung stehen.<\/p>\n<\/div><\/div>\n\n\n\n<div style=\"height:36px\" aria-hidden=\"true\" class=\"wp-block-spacer\"><\/div>\n\n\n\n<p>Bevor Sie mit Ihrem Projekt beginnen, sollten Sie auch das <a href=\"http:\/\/energie.geoportail.lu\/\" target=\"_blank\" rel=\"noreferrer noopener nofollow\">nationale Solarkataster<\/a> auf dem Geoportal konsultieren, um das Solarpotenzial und die Rentabilit\u00e4t Ihrer zuk\u00fcnftigen Anlage zu ermitteln.<\/p>\n","protected":false},"excerpt":{"rendered":"<p>Sie w\u00fcrden gerne sauberere Energie erzeugen, sind sich aber nicht sicher, ob Solarmodule die richtige L\u00f6sung f\u00fcr Ihr Haus sind? Vereinbaren Sie einen Termin f\u00fcr eine kostenlose Klima-Agence-Beratung, bevor Sie mit Ihrem Projekt beginnen! Ihr Berater hilft Ihnen dabei, zu definieren, ob sich Ihr Zuhause f\u00fcr die Installation von Photovoltaikmodulen eignet. Er erkl\u00e4rt Ihnen die [&hellip;]<\/p>\n","protected":false},"author":3,"featured_media":7507,"comment_status":"closed","ping_status":"closed","sticky":false,"template":"","format":"standard","meta":{"_acf_changed":false,"footnotes":""},"categories":[280,183,180,185,187,189,191,193,195,197,199,201,203,205,207,209,212,367,214,368,216,217,219,336,221,222,395,227,261,229,231,233,234,237,328,239,241,243,245,370,383,374,247,257,249,372,251,253,255,263,363,265,266,269,271,273,365,275,277,278,283,287,285,73,289,291,294,292,296,299,301,303,305,307,309,311,313,315,317,318,321,258,323,324,326,331,333,334,339,341,392,342,344,346,388,376,348,351],"tags":[57],"class_list":["post-7244","post","type-post","status-publish","format-standard","has-post-thumbnail","hentry","category-mondorf-les-bains-de","category-bech-de","category-beaufort-de","category-berdorf-de","category-bertrange-de","category-bettembourg-de","category-bettendorf-de","category-betzdorf-de","category-bissen-de","category-biwer-de","category-boulaide-de","category-bourscheid-de","category-bous-de","category-clervaux-de","category-colmar-berg-de","category-consdorf-de","category-contern-de","category-dalheim-de","category-diekirch-de","category-differdange-de","category-dippach-de","category-dudelange-de","category-echternach-de","category-vallee-de-lernz-de","category-erpeldange-sur-sure-de","category-esch-sur-alzette-de","category-esch-sur-sure-de","category-ettelbruck-de","category-larochette-de","category-feulen-de","category-fischbach-de","category-flaxweiler-de","category-frisange-de","category-garnich-de","category-syndicat-intercommunal-sias-de","category-goesdorf-de","category-grevenmacher-de","category-habscht-de","category-heffingen-de","category-helperknapp-de","category-hesperange-de","category-syndicat-intercommunal-nordstad-de","category-junglinster-de","category-kaerjeng-de","category-kayl-de","category-kehlen-de","category-kiischpelt-de","category-koerich-de","category-kopstal-de","category-lenningen-de","category-leudelange-de","category-lintgen-de","category-lorentzweiler-de","category-luxembourg-de","category-mamer-de","category-manternach-de","category-mersch-de","category-mertert-de","category-mertzig-de","category-mondercange-de","category-natur-geopark-mellerdall-de","category-naturpark-oewersauer-de","category-naturpark-our-de","category-niederanven-de","category-nommern-de","category-parc-hosingen-de","category-petange-de","category-putscheid-de","category-reckange-sur-mess-de","category-reisdorf-de","category-remich-de","category-roeser-de","category-rosport-mompach-de","category-rumelange-de","category-sandweiler-de","category-sanem-de","category-schengen-de","category-schieren-de","category-schifflange-de","category-schuttrange-de","category-stadtbredimus-de","category-lac-de-la-haute-sure-de","category-steinfort-de","category-steinsel-de","category-strassen-de","category-syndicat-intercommunal-step-de","category-tandel-de","category-ulflingen-de","category-vianden-de","category-waldbillig-de","category-waldbredimus-de","category-walferdange-de","category-weiler-la-tour-de","category-weiswampach-de","category-wiltz-de","category-winseler-de","category-wincrange-de","category-wormeldange-de","tag-service-de"],"acf":[],"publishpress_future_action":{"enabled":false,"date":"2026-05-05 08:53:08","action":"change-status","newStatus":"draft","terms":[],"taxonomy":"category","extraData":[]},"publishpress_future_workflow_manual_trigger":{"enabledWorkflows":[]},"_links":{"self":[{"href":"https:\/\/communes.klima-agence.lu\/de\/wp-json\/wp\/v2\/posts\/7244","targetHints":{"allow":["GET"]}}],"collection":[{"href":"https:\/\/communes.klima-agence.lu\/de\/wp-json\/wp\/v2\/posts"}],"about":[{"href":"https:\/\/communes.klima-agence.lu\/de\/wp-json\/wp\/v2\/types\/post"}],"author":[{"embeddable":true,"href":"https:\/\/communes.klima-agence.lu\/de\/wp-json\/wp\/v2\/users\/3"}],"replies":[{"embeddable":true,"href":"https:\/\/communes.klima-agence.lu\/de\/wp-json\/wp\/v2\/comments?post=7244"}],"version-history":[{"count":6,"href":"https:\/\/communes.klima-agence.lu\/de\/wp-json\/wp\/v2\/posts\/7244\/revisions"}],"predecessor-version":[{"id":9656,"href":"https:\/\/communes.klima-agence.lu\/de\/wp-json\/wp\/v2\/posts\/7244\/revisions\/9656"}],"wp:featuredmedia":[{"embeddable":true,"href":"https:\/\/communes.klima-agence.lu\/de\/wp-json\/wp\/v2\/media\/7507"}],"wp:attachment":[{"href":"https:\/\/communes.klima-agence.lu\/de\/wp-json\/wp\/v2\/media?parent=7244"}],"wp:term":[{"taxonomy":"category","embeddable":true,"href":"https:\/\/communes.klima-agence.lu\/de\/wp-json\/wp\/v2\/categories?post=7244"},{"taxonomy":"post_tag","embeddable":true,"href":"https:\/\/communes.klima-agence.lu\/de\/wp-json\/wp\/v2\/tags?post=7244"}],"curies":[{"name":"wp","href":"https:\/\/api.w.org\/{rel}","templated":true}]}}