{"id":7346,"date":"2022-11-10T12:29:30","date_gmt":"2022-11-10T11:29:30","guid":{"rendered":"https:\/\/communes.klima-agence.lu\/general-de\/lelectromobilite-2\/"},"modified":"2025-11-11T23:06:39","modified_gmt":"2025-11-11T22:06:39","slug":"lelectromobilite-2","status":"publish","type":"post","link":"https:\/\/communes.klima-agence.lu\/de\/niederanven-de\/lelectromobilite-2\/","title":{"rendered":"<strong>Elektromobilit\u00e4t<\/strong>"},"content":{"rendered":"\n<p>Als Erg\u00e4nzung zur aktiven Mobilit\u00e4t und den verschiedenen \u00f6ffentlichen Verkehrsmitteln bieten Elektrofahrzeuge eine saubere und energieeffiziente L\u00f6sung f\u00fcr die individuelle Fortbewegung. Die \u00fcberwiegende Mehrheit der Elektroautos erm\u00f6glicht es Ihnen, Ihre t\u00e4glichen Fahrten problemlos zu bew\u00e4ltigen. Dank des \u00f6ffentlichen Ladenetzes Chargy, der Ladem\u00f6glichkeiten an Ihrem Arbeitsplatz oder der Installation einer Ladestation an Ihrem Wohnort finden Sie garantiert einen Ladepunkt in Ihrer N\u00e4he. Im Rahmen der Ma\u00dfnahmen zur F\u00f6rderung der nachhaltigen Mobilit\u00e4t k\u00f6nnen Sie unter bestimmten Bedingungen staatliche Finanzhilfen in H\u00f6he von 50 % des Kaufpreises (ohne MwSt.) f\u00fcr ein Elektrofahrzeug oder eine Ladestation erhalten. Um die Betr\u00e4ge zu simulieren, die Sie erhalten k\u00f6nnen, besuchen Sie die <a href=\"https:\/\/beihilfen.klima-agence.lu\" target=\"_blank\" rel=\"noreferrer noopener nofollow\">Klima-Agence-Plattform<\/a>.<\/p>\n\n\n\n<div style=\"height:24px\" aria-hidden=\"true\" class=\"wp-block-spacer\"><\/div>\n\n\n\n<div class=\"wp-block-media-text alignwide is-stacked-on-mobile\"><figure class=\"wp-block-media-text__media\"><img loading=\"lazy\" decoding=\"async\" width=\"1024\" height=\"576\" src=\"https:\/\/communes.klima-agence.lu\/wp-content\/uploads\/2022\/11\/Une-question-Contactez-nous-8002-11-90-De-8h-a-12h-et-de-13h-a-17h-3-1024x576.jpg\" alt=\"\" class=\"wp-image-7329 size-full\" srcset=\"https:\/\/communes.klima-agence.lu\/wp-content\/uploads\/2022\/11\/Une-question-Contactez-nous-8002-11-90-De-8h-a-12h-et-de-13h-a-17h-3-1024x576.jpg 1024w, https:\/\/communes.klima-agence.lu\/wp-content\/uploads\/2022\/11\/Une-question-Contactez-nous-8002-11-90-De-8h-a-12h-et-de-13h-a-17h-3-300x169.jpg 300w, https:\/\/communes.klima-agence.lu\/wp-content\/uploads\/2022\/11\/Une-question-Contactez-nous-8002-11-90-De-8h-a-12h-et-de-13h-a-17h-3-768x432.jpg 768w, https:\/\/communes.klima-agence.lu\/wp-content\/uploads\/2022\/11\/Une-question-Contactez-nous-8002-11-90-De-8h-a-12h-et-de-13h-a-17h-3-1536x864.jpg 1536w, https:\/\/communes.klima-agence.lu\/wp-content\/uploads\/2022\/11\/Une-question-Contactez-nous-8002-11-90-De-8h-a-12h-et-de-13h-a-17h-3-2048x1152.jpg 2048w\" sizes=\"auto, (max-width: 1024px) 100vw, 1024px\" \/><\/figure><div class=\"wp-block-media-text__content\">\n<h2 class=\"wp-block-heading\">Ladestation f\u00fcr Ihr Fahrzeug <\/h2>\n\n\n\n<p>Um Ihnen beim Vergleich der auf dem luxemburgischen Markt verf\u00fcgbaren Modelle von Ladestationen zu helfen, besuchen Sie die Plattform:<\/p>\n\n\n\n<div class=\"wp-block-buttons is-layout-flex wp-block-buttons-is-layout-flex\">\n<div class=\"wp-block-button\"><a class=\"wp-block-button__link wp-element-button\" href=\"https:\/\/bornes.klima-agence.lu\" target=\"_blank\" rel=\"noreferrer noopener\">bornes.klima-agence.lu<\/a><\/div>\n<\/div>\n<\/div><\/div>\n\n\n\n<div style=\"height:35px\" aria-hidden=\"true\" class=\"wp-block-spacer\"><\/div>\n\n\n\n<p>Alle Informationen zu den Pr\u00e4mien f\u00fcr den Kauf eines Elektrofahrzeugs und die Installation einer Ladestation finden Sie im <a href=\"https:\/\/beihilfen.klima-agence.lu\" target=\"_blank\" rel=\"noreferrer noopener nofollow\">Klimabonus-Simulator<\/a>.<\/p>\n","protected":false},"excerpt":{"rendered":"<p>Als Erg\u00e4nzung zur aktiven Mobilit\u00e4t und den verschiedenen \u00f6ffentlichen Verkehrsmitteln bieten Elektrofahrzeuge eine saubere und energieeffiziente L\u00f6sung f\u00fcr die individuelle Fortbewegung. Die \u00fcberwiegende Mehrheit der Elektroautos erm\u00f6glicht es Ihnen, Ihre t\u00e4glichen Fahrten problemlos zu bew\u00e4ltigen. Dank des \u00f6ffentlichen Ladenetzes Chargy, der Ladem\u00f6glichkeiten an Ihrem Arbeitsplatz oder der Installation einer Ladestation an Ihrem Wohnort finden Sie [&hellip;]<\/p>\n","protected":false},"author":3,"featured_media":7488,"comment_status":"closed","ping_status":"closed","sticky":false,"template":"","format":"standard","meta":{"_acf_changed":false,"footnotes":""},"categories":[280,183,180,185,187,189,191,193,195,197,199,201,203,205,207,209,212,367,214,368,216,217,219,336,221,222,395,227,261,229,231,233,234,237,328,239,241,243,245,370,383,374,247,257,249,372,251,253,255,263,363,265,266,269,271,273,365,275,277,278,283,287,285,73,289,291,294,292,296,299,301,303,305,307,309,311,313,315,317,318,321,258,323,324,326,331,333,334,339,341,392,342,344,346,388,376,348,351],"tags":[57],"class_list":["post-7346","post","type-post","status-publish","format-standard","has-post-thumbnail","hentry","category-mondorf-les-bains-de","category-bech-de","category-beaufort-de","category-berdorf-de","category-bertrange-de","category-bettembourg-de","category-bettendorf-de","category-betzdorf-de","category-bissen-de","category-biwer-de","category-boulaide-de","category-bourscheid-de","category-bous-de","category-clervaux-de","category-colmar-berg-de","category-consdorf-de","category-contern-de","category-dalheim-de","category-diekirch-de","category-differdange-de","category-dippach-de","category-dudelange-de","category-echternach-de","category-vallee-de-lernz-de","category-erpeldange-sur-sure-de","category-esch-sur-alzette-de","category-esch-sur-sure-de","category-ettelbruck-de","category-larochette-de","category-feulen-de","category-fischbach-de","category-flaxweiler-de","category-frisange-de","category-garnich-de","category-syndicat-intercommunal-sias-de","category-goesdorf-de","category-grevenmacher-de","category-habscht-de","category-heffingen-de","category-helperknapp-de","category-hesperange-de","category-syndicat-intercommunal-nordstad-de","category-junglinster-de","category-kaerjeng-de","category-kayl-de","category-kehlen-de","category-kiischpelt-de","category-koerich-de","category-kopstal-de","category-lenningen-de","category-leudelange-de","category-lintgen-de","category-lorentzweiler-de","category-luxembourg-de","category-mamer-de","category-manternach-de","category-mersch-de","category-mertert-de","category-mertzig-de","category-mondercange-de","category-natur-geopark-mellerdall-de","category-naturpark-oewersauer-de","category-naturpark-our-de","category-niederanven-de","category-nommern-de","category-parc-hosingen-de","category-petange-de","category-putscheid-de","category-reckange-sur-mess-de","category-reisdorf-de","category-remich-de","category-roeser-de","category-rosport-mompach-de","category-rumelange-de","category-sandweiler-de","category-sanem-de","category-schengen-de","category-schieren-de","category-schifflange-de","category-schuttrange-de","category-stadtbredimus-de","category-lac-de-la-haute-sure-de","category-steinfort-de","category-steinsel-de","category-strassen-de","category-syndicat-intercommunal-step-de","category-tandel-de","category-ulflingen-de","category-vianden-de","category-waldbillig-de","category-waldbredimus-de","category-walferdange-de","category-weiler-la-tour-de","category-weiswampach-de","category-wiltz-de","category-winseler-de","category-wincrange-de","category-wormeldange-de","tag-service-de"],"acf":[],"publishpress_future_action":{"enabled":false,"date":"2026-05-05 08:58:13","action":"change-status","newStatus":"draft","terms":[],"taxonomy":"category","extraData":[]},"publishpress_future_workflow_manual_trigger":{"enabledWorkflows":[]},"_links":{"self":[{"href":"https:\/\/communes.klima-agence.lu\/de\/wp-json\/wp\/v2\/posts\/7346","targetHints":{"allow":["GET"]}}],"collection":[{"href":"https:\/\/communes.klima-agence.lu\/de\/wp-json\/wp\/v2\/posts"}],"about":[{"href":"https:\/\/communes.klima-agence.lu\/de\/wp-json\/wp\/v2\/types\/post"}],"author":[{"embeddable":true,"href":"https:\/\/communes.klima-agence.lu\/de\/wp-json\/wp\/v2\/users\/3"}],"replies":[{"embeddable":true,"href":"https:\/\/communes.klima-agence.lu\/de\/wp-json\/wp\/v2\/comments?post=7346"}],"version-history":[{"count":5,"href":"https:\/\/communes.klima-agence.lu\/de\/wp-json\/wp\/v2\/posts\/7346\/revisions"}],"predecessor-version":[{"id":48789,"href":"https:\/\/communes.klima-agence.lu\/de\/wp-json\/wp\/v2\/posts\/7346\/revisions\/48789"}],"wp:featuredmedia":[{"embeddable":true,"href":"https:\/\/communes.klima-agence.lu\/de\/wp-json\/wp\/v2\/media\/7488"}],"wp:attachment":[{"href":"https:\/\/communes.klima-agence.lu\/de\/wp-json\/wp\/v2\/media?parent=7346"}],"wp:term":[{"taxonomy":"category","embeddable":true,"href":"https:\/\/communes.klima-agence.lu\/de\/wp-json\/wp\/v2\/categories?post=7346"},{"taxonomy":"post_tag","embeddable":true,"href":"https:\/\/communes.klima-agence.lu\/de\/wp-json\/wp\/v2\/tags?post=7346"}],"curies":[{"name":"wp","href":"https:\/\/api.w.org\/{rel}","templated":true}]}}